{"id":15027,"date":"2024-10-15T10:32:36","date_gmt":"2024-10-15T08:32:36","guid":{"rendered":"https:\/\/oassiuminmobiliaria.com\/?p=15027"},"modified":"2024-10-15T10:32:36","modified_gmt":"2024-10-15T08:32:36","slug":"vive-la-luz-y-el-espacio-en-sant-salvador-piso-de-3-habitaciones-listo-para-entrar-a-vivir","status":"publish","type":"post","link":"https:\/\/oassiuminmobiliaria.com\/en\/vive-la-luz-y-el-espacio-en-sant-salvador-piso-de-3-habitaciones-listo-para-entrar-a-vivir\/","title":{"rendered":"\u00a1Vive la luz y el espacio en Sant salvador! &#8211; Piso de 3 habitaciones &#8211; Listo para entrar a vivir"},"content":{"rendered":"<p>Te ofrecemos un espacioso piso de 129 m\u00b2 en Sant Salvador, construido en 2004. Ubicado en una primera planta, este inmueble cuenta con 2 ascensores y se compone de 3 habitaciones, de las cuales 2 son dobles y muy luminosas, adem\u00e1s de una habitaci\u00f3n individual tambi\u00e9n bien iluminada.<\/p>\n<p>&nbsp;<\/p>\n<p>Dispone de 2 ba\u00f1os completos, uno con ba\u00f1era y otro con plato de ducha. La cocina est\u00e1 totalmente equipada y el sal\u00f3n es amplio y acogedor, con acceso a un balc\u00f3n muy luminoso y espacioso.<\/p>\n<p>&nbsp;<\/p>\n<p>Incluye una plaza de aparcamiento en el precio. Este piso exterior ofrece abundante luz natural y se encuentra cerca de un amplio supermercado, lo que a\u00f1ade comodidad a tu d\u00eda a d\u00eda.<\/p>\n<p>&nbsp;<\/p>\n<p>\u00a1No dejes pasar esta oportunidad! Cont\u00e1ctanos para m\u00e1s informaci\u00f3n y para agendar una visita.<\/p>","protected":false},"excerpt":{"rendered":"<p>Te ofrecemos un espacioso piso de 129 m\u00b2 en Sant Salvador, construido en 2004. Ubicado en una primera planta, este inmueble cuenta con 2 ascensores y se compone de 3 habitaciones, de las cuales 2 son dobles y muy luminosas, adem\u00e1s de una habitaci\u00f3n individual tambi\u00e9n bien iluminada. &nbsp; Dispone de 2 ba\u00f1os completos, uno&#8230;<\/p>","protected":false},"author":7,"featured_media":0,"comment_status":"closed","ping_status":"closed","sticky":false,"template":"","format":"standard","meta":{"footnotes":""},"categories":[1],"tags":[],"class_list":["post-15027","post","type-post","status-publish","format-standard","hentry","category-uncategorized"],"_links":{"self":[{"href":"https:\/\/oassiuminmobiliaria.com\/en\/wp-json\/wp\/v2\/posts\/15027","targetHints":{"allow":["GET"]}}],"collection":[{"href":"https:\/\/oassiuminmobiliaria.com\/en\/wp-json\/wp\/v2\/posts"}],"about":[{"href":"https:\/\/oassiuminmobiliaria.com\/en\/wp-json\/wp\/v2\/types\/post"}],"author":[{"embeddable":true,"href":"https:\/\/oassiuminmobiliaria.com\/en\/wp-json\/wp\/v2\/users\/7"}],"replies":[{"embeddable":true,"href":"https:\/\/oassiuminmobiliaria.com\/en\/wp-json\/wp\/v2\/comments?post=15027"}],"version-history":[{"count":1,"href":"https:\/\/oassiuminmobiliaria.com\/en\/wp-json\/wp\/v2\/posts\/15027\/revisions"}],"predecessor-version":[{"id":15031,"href":"https:\/\/oassiuminmobiliaria.com\/en\/wp-json\/wp\/v2\/posts\/15027\/revisions\/15031"}],"wp:attachment":[{"href":"https:\/\/oassiuminmobiliaria.com\/en\/wp-json\/wp\/v2\/media?parent=15027"}],"wp:term":[{"taxonomy":"category","embeddable":true,"href":"https:\/\/oassiuminmobiliaria.com\/en\/wp-json\/wp\/v2\/categories?post=15027"},{"taxonomy":"post_tag","embeddable":true,"href":"https:\/\/oassiuminmobiliaria.com\/en\/wp-json\/wp\/v2\/tags?post=15027"}],"curies":[{"name":"wp","href":"https:\/\/api.w.org\/{rel}","templated":true}]}}